{"id":813,"date":"2019-08-21T18:37:04","date_gmt":"2019-08-21T16:37:04","guid":{"rendered":"http:\/\/www.pixel-signs.com\/ioml\/?p=813"},"modified":"2019-08-21T22:00:05","modified_gmt":"2019-08-21T20:00:05","slug":"business-akademie-ost","status":"publish","type":"post","link":"http:\/\/www.pixel-signs.com\/ioml\/business-akademie-ost\/","title":{"rendered":"Business Akademie OST"},"content":{"rendered":"\t\t<div data-elementor-type=\"wp-post\" data-elementor-id=\"813\" class=\"elementor elementor-813\">\n\t\t\t\t\t\t<div class=\"elementor-inner\">\n\t\t\t\t<div class=\"elementor-section-wrap\">\n\t\t\t\t\t\t\t\t\t<section class=\"elementor-section elementor-top-section elementor-element elementor-element-7a051d3 elementor-section-boxed elementor-section-height-default elementor-section-height-default\" data-id=\"7a051d3\" data-element_type=\"section\">\n\t\t\t\t\t\t<div class=\"elementor-container elementor-column-gap-default\">\n\t\t\t\t\t\t\t<div class=\"elementor-row\">\n\t\t\t\t\t<div class=\"elementor-column elementor-col-100 elementor-top-column elementor-element elementor-element-113ae1a\" data-id=\"113ae1a\" data-element_type=\"column\">\n\t\t\t<div class=\"elementor-column-wrap elementor-element-populated\">\n\t\t\t\t\t\t\t<div class=\"elementor-widget-wrap\">\n\t\t\t\t\t\t<div class=\"elementor-element elementor-element-b3dbf81 elementor-widget elementor-widget-text-editor\" data-id=\"b3dbf81\" data-element_type=\"widget\" data-widget_type=\"text-editor.default\">\n\t\t\t\t<div class=\"elementor-widget-container\">\n\t\t\t\t\t\t\t\t<div class=\"elementor-text-editor elementor-clearfix\">\n\t\t\t\t<p>Am 25. August ist es wieder soweit. Die zweite BA in Deutschland Ost. Wir hoffen alle, da\u00df dieses Event in Cottbus bleibt. Allein schon, da\u00df wir im Osten auch eine BA haben und auch andere gro\u00dfe Veranstaltungen dadurch auch im Ostteil stattfinden.<\/p><p>Man trifft sich, tascht sich aus und ehrt die, die es verdient haben. Ein MUSS f\u00fcr jeden von uns.<\/p><p>Und dazu gibt es an diesem Tag eine Menge genialer Angebote, die man dann gleich mitnehmen kann.<\/p><p>Also pack die Tasche und komm nach Cottbus!!<\/p>\t\t\t\t\t<\/div>\n\t\t\t\t\t\t<\/div>\n\t\t\t\t<\/div>\n\t\t\t\t\t\t<\/div>\n\t\t\t\t\t<\/div>\n\t\t<\/div>\n\t\t\t\t\t\t\t\t<\/div>\n\t\t\t\t\t<\/div>\n\t\t<\/section>\n\t\t\t\t\t\t\t\t\t<\/div>\n\t\t\t<\/div>\n\t\t\t\t\t<\/div>\n\t\t","protected":false},"excerpt":{"rendered":"<p>Am 25. August ist es wieder soweit. Die zweite BA in Deutschland Ost. Wir hoffen alle, da\u00df dieses Event in Cottbus bleibt. Allein schon, da\u00df wir im Osten auch eine BA haben und auch andere gro\u00dfe Veranstaltungen dadurch auch im [&hellip;]<\/p>\n","protected":false},"author":1,"featured_media":814,"comment_status":"open","ping_status":"open","sticky":false,"template":"","format":"standard","meta":[],"categories":[1],"tags":[],"_links":{"self":[{"href":"http:\/\/www.pixel-signs.com\/ioml\/wp-json\/wp\/v2\/posts\/813"}],"collection":[{"href":"http:\/\/www.pixel-signs.com\/ioml\/wp-json\/wp\/v2\/posts"}],"about":[{"href":"http:\/\/www.pixel-signs.com\/ioml\/wp-json\/wp\/v2\/types\/post"}],"author":[{"embeddable":true,"href":"http:\/\/www.pixel-signs.com\/ioml\/wp-json\/wp\/v2\/users\/1"}],"replies":[{"embeddable":true,"href":"http:\/\/www.pixel-signs.com\/ioml\/wp-json\/wp\/v2\/comments?post=813"}],"version-history":[{"count":3,"href":"http:\/\/www.pixel-signs.com\/ioml\/wp-json\/wp\/v2\/posts\/813\/revisions"}],"predecessor-version":[{"id":818,"href":"http:\/\/www.pixel-signs.com\/ioml\/wp-json\/wp\/v2\/posts\/813\/revisions\/818"}],"wp:featuredmedia":[{"embeddable":true,"href":"http:\/\/www.pixel-signs.com\/ioml\/wp-json\/wp\/v2\/media\/814"}],"wp:attachment":[{"href":"http:\/\/www.pixel-signs.com\/ioml\/wp-json\/wp\/v2\/media?parent=813"}],"wp:term":[{"taxonomy":"category","embeddable":true,"href":"http:\/\/www.pixel-signs.com\/ioml\/wp-json\/wp\/v2\/categories?post=813"},{"taxonomy":"post_tag","embeddable":true,"href":"http:\/\/www.pixel-signs.com\/ioml\/wp-json\/wp\/v2\/tags?post=813"}],"curies":[{"name":"wp","href":"https:\/\/api.w.org\/{rel}","templated":true}]}}